{"id":1954,"date":"2020-04-29T13:59:17","date_gmt":"2020-04-29T13:59:17","guid":{"rendered":"https:\/\/rpgl.ca\/?p=1954"},"modified":"2020-04-29T13:59:47","modified_gmt":"2020-04-29T13:59:47","slug":"le-nombre-de-deces-lies-au-travail-a-triple","status":"publish","type":"post","link":"https:\/\/rpgl.ca\/en\/le-nombre-de-deces-lies-au-travail-a-triple\/","title":{"rendered":"Le nombre de d\u00e9c\u00e8s li\u00e9s au travail a tripl\u00e9"},"content":{"rendered":"<p class=\"full-article-basic-content__lead\">Le nombre de d\u00e9c\u00e8s li\u00e9s au travail a plus que tripl\u00e9 en 2019 par rapport \u00e0 l\u2019ann\u00e9e pr\u00e9c\u00e9dente en Estrie. Si on en comptait 5 en 2018, ils se chiffraient \u00e0 17 l\u2019an dernier.<\/p>\n<p class=\"full-article-basic-content__lead\"><span class=\"chapter-paragraph__drop-cap\">L<\/span>\u2019Estrie est parmi les rares r\u00e9gions au Qu\u00e9bec \u00e0 conna\u00eetre une hausse des d\u00e9c\u00e8s en 2019 par rapport \u00e0 2018, avec les Laurentides, la Mauricie-Centre-du-Qu\u00e9bec et le Saguenay-Lac-Saint-Jean.<\/p>\n<div id=\"ember72\" class=\"chapter-paragraph _paragraph_n7t2z9 ember-view\">\n<div class=\"chapter-paragraph__body _content_n7t2z9\">\n<p>Pendant ce temps au Qu\u00e9bec, on observe une forte baisse du nombre de victimes, commente La Vigile en sant\u00e9 et s\u00e9curit\u00e9 au travail (VSST) de l\u2019Estrie. En 2019, les d\u00e9c\u00e8s li\u00e9s au travail, soit des accidents et la maladie, sont au nombre de 190 personnes dans la province, comparativement \u00e0 226 d\u00e9c\u00e8s en 2018, pour une diminution de 15,9 pour cent. De ce nombre, 57 d\u00e9c\u00e8s sont survenus \u00e0 la suite d\u2019accidents (30%) et 133 sont en lien avec la maladie (70%), selon des chiffres de la CNESST.<\/p>\n<p>Plus d\u2019un accident sur trois (35%) est reli\u00e9 aux transports, tout type de v\u00e9hicule confondu, incluant cinq travailleurs d\u00e9c\u00e9d\u00e9s apr\u00e8s avoir \u00e9t\u00e9 heurt\u00e9 par un v\u00e9hicule. Le contact avec des objets (frapp\u00e9 ou \u00e9cras\u00e9 par de l\u2019\u00e9quipement -23%) et les chutes (21%) ont \u00e9t\u00e9 les deux autres principales causes d\u2019accident alors que l\u2019amiante est responsable de 89,5 pour cent des cas de maladie.<\/p>\n<p>Malheureusement, la r\u00e9alit\u00e9 est toute autre pour l\u2019Estrie qui a perdu en 2019 pas moins de 17 travailleuses et travailleurs, d\u00e9plore la VSST. C\u2019est \u00e0 82 pour cent que la maladie emporte les travailleurs.<\/p>\n<p>L\u2019an dernier, trois Estriens ont \u00e9t\u00e9 victimes d\u2019un accident (un en 2018) et 14 ont succomb\u00e9 \u00e0 la maladie (quatre en 2018). Un bilan aussi funeste que celui de 2017 o\u00f9 l\u00e0 aussi, 17 travailleurs estriens avaient perdu la vie.<\/p>\n<p>La VSST, un regroupement de centrales syndicales et d\u2019organismes communautaires, rappelle aux employeurs toute l\u2019importance de l\u2019\u00e9laboration et la mise en place d\u2019un v\u00e9ritable programme de pr\u00e9vention pour assurer la sant\u00e9 et la s\u00e9curit\u00e9 de chaque travailleur.<\/p>\n<p>La pr\u00e9sente crise sanitaire ne permet pas de rendre hommage publiquement lors de la traditionnelle marche du 28 avril aux femmes et aux hommes qui ont quitt\u00e9 la maison pour le travail sans jamais revenir aupr\u00e8s de leurs proches, souligne-t-on.<\/p>\n<p>La CSN et le Conseil central des syndicats nationaux de l\u2019Estrie &#8211; CSN (CCSNECSN) soulignent aussi la Journ\u00e9e internationale de comm\u00e9moration des travailleuses et des travailleurs morts ou bless\u00e9s au travail en invitant les gouvernements \u00e0 faire de la sant\u00e9-s\u00e9curit\u00e9 au travail une priorit\u00e9 nationale, particuli\u00e8rement dans le contexte de la pand\u00e9mie li\u00e9e \u00e0 la COVID-19.<\/p>\n<p><strong>Des chiffres alarmants pour 2019<\/strong><\/p>\n<p>La Commission des normes, de l\u2019\u00e9quit\u00e9, de la sant\u00e9 et de la s\u00e9curit\u00e9 du travail (CNESST) a d\u00e9voil\u00e9 les statistiques pour l\u2019ann\u00e9e 2019 : cette ann\u00e9e encore, \u00ab un nombre effarant \u00bb de Qu\u00e9b\u00e9coises et de Qu\u00e9b\u00e9cois ont p\u00e9ri au travail, soit un total de 190. De ce nombre, on compte 57 d\u00e9c\u00e8s \u00e0 la suite d\u2019un accident et 133 \u00e0 la suite d\u2019une maladie professionnelle.<\/p>\n<p>Les chiffres alarmants pour l\u2019ann\u00e9e 2019 en Estrie font r\u00e9agir Denis Beaudin, pr\u00e9sident du CCSNE-CSN.<\/p>\n<p>\u00ab Ann\u00e9e apr\u00e8s ann\u00e9e, nous appr\u00e9hendons ce triste bilan, car il illustre \u00e0 quel point il y a urgence d\u2019agir pour am\u00e9liorer la protection des travailleuses et des travailleurs, quel que soit le secteur d\u2019activit\u00e9s \u00bb, dit-il.<\/p>\n<p>\u00ab Nous ne cesserons pas d\u2019interpeller les gouvernements tant et aussi longtemps que les dispositions l\u00e9gislatives et les mesures appropri\u00e9es ne seront pas adopt\u00e9es. \u00bb<\/p>\n<p>La CSN souhaite depuis des ann\u00e9es qu\u2019on revoit l\u2019application de la Loi sur la sant\u00e9 et la s\u00e9curit\u00e9 du travail. Les m\u00e9canismes de pr\u00e9vention pr\u00e9vus dans cette loi ne s\u2019appliquent qu\u2019\u00e0 environ un cinqui\u00e8me des travailleuses et des travailleurs du Qu\u00e9bec, mentionne-t-on dans un communiqu\u00e9 de presse.<\/p>\n<\/div>\n<\/div>\n<p>&nbsp;<\/p>\n<p>SOURCE : <a href=\"https:\/\/www.latribune.ca\/actualites\/sherbrooke\/le-nombre-de-deces-lies-au-travail-a-triple-1e4c59a09abc870ef23ed4181a2a068f\">https:\/\/www.latribune.ca\/actualites\/sherbrooke\/le-nombre-de-deces-lies-au-travail-a-triple-1e4c59a09abc870ef23ed4181a2a068f<\/a><\/p>\n","protected":false},"excerpt":{"rendered":"<p>Le nombre de d\u00e9c\u00e8s li\u00e9s au travail a plus que tripl\u00e9 en 2019 par rapport \u00e0 l\u2019ann\u00e9e pr\u00e9c\u00e9dente en Estrie&#8230;.<\/p>\n","protected":false},"author":1,"featured_media":1952,"comment_status":"open","ping_status":"open","sticky":false,"template":"","format":"standard","meta":{"_acf_changed":false,"_seopress_robots_primary_cat":"","_seopress_titles_title":"","_seopress_titles_desc":"","_seopress_robots_index":"","footnotes":""},"categories":[1],"tags":[],"class_list":["post-1954","post","type-post","status-publish","format-standard","has-post-thumbnail","hentry","category-non-classifiee"],"acf":[],"_links":{"self":[{"href":"https:\/\/rpgl.ca\/en\/wp-json\/wp\/v2\/posts\/1954","targetHints":{"allow":["GET"]}}],"collection":[{"href":"https:\/\/rpgl.ca\/en\/wp-json\/wp\/v2\/posts"}],"about":[{"href":"https:\/\/rpgl.ca\/en\/wp-json\/wp\/v2\/types\/post"}],"author":[{"embeddable":true,"href":"https:\/\/rpgl.ca\/en\/wp-json\/wp\/v2\/users\/1"}],"replies":[{"embeddable":true,"href":"https:\/\/rpgl.ca\/en\/wp-json\/wp\/v2\/comments?post=1954"}],"version-history":[{"count":8,"href":"https:\/\/rpgl.ca\/en\/wp-json\/wp\/v2\/posts\/1954\/revisions"}],"predecessor-version":[{"id":1962,"href":"https:\/\/rpgl.ca\/en\/wp-json\/wp\/v2\/posts\/1954\/revisions\/1962"}],"wp:featuredmedia":[{"embeddable":true,"href":"https:\/\/rpgl.ca\/en\/wp-json\/wp\/v2\/media\/1952"}],"wp:attachment":[{"href":"https:\/\/rpgl.ca\/en\/wp-json\/wp\/v2\/media?parent=1954"}],"wp:term":[{"taxonomy":"category","embeddable":true,"href":"https:\/\/rpgl.ca\/en\/wp-json\/wp\/v2\/categories?post=1954"},{"taxonomy":"post_tag","embeddable":true,"href":"https:\/\/rpgl.ca\/en\/wp-json\/wp\/v2\/tags?post=1954"}],"curies":[{"name":"wp","href":"https:\/\/api.w.org\/{rel}","templated":true}]}}